{"id":2617,"date":"2019-02-13T01:33:32","date_gmt":"2019-02-13T01:33:32","guid":{"rendered":"https:\/\/wordsbychristine.com\/wp\/?p=2617"},"modified":"2019-02-13T01:33:32","modified_gmt":"2019-02-13T01:33:32","slug":"den-lakande-miljon-hammarby-sjostad","status":"publish","type":"post","link":"https:\/\/wordsbychristine.com\/wp\/den-lakande-miljon-hammarby-sjostad\/","title":{"rendered":"Den l\u00e4kande milj\u00f6n i Hammarby Sj\u00f6stad"},"content":{"rendered":"<p>Jag \u00e4r fruktansv\u00e4rt stressad. Har minnesluckor. Det som jag k\u00e4nner just nu har jag aldrig upplevt. Jag mister mitt n\u00e4rminne och jag som alltid lever i nuet har f\u00f6rlorat all f\u00f6rm\u00e5ga att g\u00f6ra det pga yttre stressfaktorer. Det jag vet \u00e4r att de faktorer som orsaker stressen beh\u00f6ver jag till viss del leva med. Jag har dock gjort som duktiga l\u00e4kare f\u00f6rordat, sk\u00e4r bort det onda. Dvs det som jag inte m\u00e5r bra av att ha i mitt liv &#8211; ta bort det.<\/p>\n<p>Jag gjorde det precis. L\u00e4ttnaden efter\u00e5t var enorm. Jag k\u00e4nde bara hur jag djupandades \u00e4nda ned i magen och hur stressen som en djup suck l\u00e4mnade mig. Man kan inte f\u00f6r\u00e4ndra m\u00e4nniskor och om man inte tycker om den person man har framf\u00f6r sig, och k\u00e4nner en bottenl\u00f6s f\u00f6rtvivlan och vanmakt kopplad till individen att man bara vill skaka den personen, (min far) d\u00e5 \u00e4r det dags att kliva ur den relationen.<\/p>\n<p>Min man och jag diskuterade det ikv\u00e4ll. Han satt lugn vid sin dator, och jag bara kom ut fr\u00e5n mitt arbetsrum och sa l\u00e4ttat med eftert\u00e4nksamhet att jag skurit bort cancersvulsten som bestod av min far. Sedan blev \u00e4ven jag lugn.<br \/>\n<em>Man v\u00e4ljer inte sina anh\u00f6riga.<\/em><br \/>\n<em>Man v\u00e4ljer inte sina f\u00f6r\u00e4ldrar.<\/em><\/p>\n<p>Men man v\u00e4ljer att ha positiva kontakter i sitt liv som f\u00f6r en vidare i en positiv riktning. Jag har bankat huvudet i v\u00e4ggen s\u00e5 m\u00e5nga g\u00e5nger under den senaste m\u00e5naden, men bara f\u00f6r att inse att det \u00e4r helt meningsl\u00f6st, inte konstruktivt och bara g\u00f6r mig ledsen.<\/p>\n<figure id=\"attachment_2643\" aria-describedby=\"caption-attachment-2643\" style=\"width: 600px\" class=\"wp-caption aligncenter\"><img loading=\"lazy\" decoding=\"async\" class=\"size-full wp-image-2643\" src=\"https:\/\/wordsbychristine.com\/wp\/wp-content\/uploads\/2019\/02\/51922886_2340264429357843_531901355665653760_n-e1550020198930.jpg\" alt=\"\" width=\"600\" height=\"338\" \/><figcaption id=\"caption-attachment-2643\" class=\"wp-caption-text\">P\u00e5 spanskakurs f\u00f6r en m\u00e5nad sedan<\/figcaption><\/figure>\n<p>Beh\u00f6ver g\u00e5 vidare med mitt liv, och min man och jag kommer endast ha samtals\u00e4mnen mellan oss som bygger v\u00e5r relation fram\u00e5t. Vi talar om Dominikanska Republiken, om spanskakursen vi nyligen b\u00f6rjade och sn\u00f6pligt nog beh\u00f6vde hoppa av, om v\u00e5ra kommande resor och det vi vill g\u00f6ra i livet. D\u00e5 jag levt under h\u00f6g stress s\u00e5 l\u00e4nge och det kulminerade f\u00f6r 3 veckor sedan beh\u00f6ver jag min mans st\u00f6d eftersom min f\u00f6rm\u00e5ga att hitta logiska l\u00f6sningar kvarst\u00e5r, men jag blir ot\u00e5lig n\u00e4r jag inte bara kan f\u00f6rm\u00e5 personer i min n\u00e4rhet att efterleva det.<\/p>\n<p>Det finns inte en person i livet som jag har blivit s\u00e5 besviken p\u00e5 som min far, och d\u00e5 talar vi om \u00e4nda sedan barnsben. Jag vet ju det. \u00c4nd\u00e5 blir det en ny besvikelse f\u00f6r varje ny kontakt, och jag har med \u00e5ren blivit med h\u00e5rdhudad, det blir inte l\u00e4ngre ett \u00f6ppet s\u00e5r f\u00f6r varje misslyckad kontakt, utan bara resignering. Besvikelserna bara \u00e4r som p\u00e5lagringar p\u00e5 en led, till slut finns det ingen ledv\u00e4tska runt brosket utan det g\u00f6r ont bara man g\u00e5r.<\/p>\n<p>Det finns s\u00e5 mycket outtalad sorg i min relation med min far att jag pl\u00f6tsligt bara f\u00f6rflyttas till den bittra sorgen n\u00e4r han svek mig f\u00f6rsta g\u00e5ngen n\u00e4r jag var 8 \u00e5r och k\u00e4nslorna \u00e4r \u00f6versvallande och det \u00e4r som ett svart vacuum, som en svart ballong med rispor. Han har ju svikit mig varje g\u00e5ng sedan dess. Vi talar om 45 \u00e5rs otillr\u00e4ckligt faderskap. Usch. Tur att det finns andra f\u00f6rebilder som varit substitut f\u00f6r min egen far.<\/p>\n<p><img loading=\"lazy\" decoding=\"async\" class=\"aligncenter size-full wp-image-2636\" src=\"https:\/\/wordsbychristine.com\/wp\/wp-content\/uploads\/2019\/02\/19-e1550020266400.jpg\" alt=\"\" width=\"600\" height=\"450\" \/><\/p>\n<p>Hur som &#8211; min dag b\u00f6rjade v\u00e4ldigt bra. Jag tog v\u00e5r staffe Neo till Malin, min kiropraktor och hon fixade honom. Det \u00e4r m\u00e4rkligt med Neo f\u00f6r jag uppfattar honom som k\u00e4nslig, men inte s\u00e5 intelligent. Han har ju genom \u00e5ren haft en del bes\u00f6k hos kiropraktorn eftersom jag \u00e4ven l\u00e5ter hundarna f\u00e5 f\u00f6rebyggande friskv\u00e5rd och jag fysiskt uts\u00e4tter dem f\u00f6r mycket motion. Vi passerar gatan kiropraktorn finns p\u00e5 varje dag, och han visar aldrig n\u00e5got intresse f\u00f6r att g\u00e5 in d\u00e4r, jag t\u00e4nker inte ens p\u00e5 att Sj\u00f6stadens kiropraktik \u00e4r lokaliserad d\u00e4r eftersom det \u00e4r i min n\u00e4rmilj\u00f6.<\/p>\n<p>Dock var det en dag f\u00f6r n\u00e5gon vecka sedan d\u00e5 jag tittade \u00e5t andra h\u00e5llet som jag pl\u00f6tsligt k\u00e4nde ett kraftigt ryck och jag s\u00e5g att Neo stretade i andra \u00e4nden kopplet, han var i full f\u00e4rd med att slita sig fokuserat i en riktning, till entr\u00e9n till kiropraktorn. Han \u00e4r en hund och en hund drivs mycket av instinkter. Han brukar ocks\u00e5 streta mot skogen, han \u00e4r p\u00e5 varje promenad fokuserad p\u00e5 att g\u00e5 i en enda riktning och det \u00e4r mot Nackareservatet, och han kan \u00e4ven streta om vi n\u00e4rmar oss djuraff\u00e4ren. Han har dock under de 8 \u00e5r som vi bott n\u00e4ra kiropraktorn m\u00e5lmedvetet velat att g\u00e5 dit.<\/p>\n<p>Jag hade inget annat val \u00e4n att boka en tid, detta efter att ha masserat hunden i 50 minuter i soffan framf\u00f6r tvn och m\u00e4rkt att han var sp\u00e4nd och h\u00e5rd och att han markerade med en morrning n\u00e4r jag b\u00f6rjade massera hans ena h\u00f6ft. Eftersom Neo aldrig visar hum\u00f6r bekr\u00e4ftade det misstanken att han hade ont. Han har \u00e4ven under en tid vaktat och sk\u00e4llt eller moffat vid ok\u00e4nda ljud, n\u00e5got han inte ens gjorde som unghund. Sammanlaget \u00e4r det en hund som visar tecken p\u00e5 att ha ont. Det \u00e4r sm\u00e5 sm\u00e5 signaler eftersom hundar inte kan prata.<\/p>\n<p>Neo blev sj\u00e4laglad n\u00e4r jag styrde stegen mot kiropraktorn Malin idag och jag litar p\u00e5 henne s\u00e5 enormt d\u00e5 hon under flera \u00e5r har fixat mig och f\u00f6ljderna av allt ont i kroppen jag f\u00e5r som h\u00e4rleds till en fot. Hon har \u00e4ven under flera \u00e5r ut\u00f6vat sin magi p\u00e5 mina tidigare hundar med, samt Doris. Det \u00e4r magi f\u00f6r n\u00e4r hon arbetar med min kropp k\u00e4nns det som om mina celler lever under hennes h\u00e4nder. Jag kan inte beskriva det b\u00e4ttre.<\/p>\n<p>Malin satte ord p\u00e5 det jag diffust visste; och hon ber\u00e4ttade att Neo var l\u00e5st i b\u00e4ckenet, framf\u00f6r allt p\u00e5 v\u00e4nster sida och att han var l\u00e5st i l\u00e4ndryggen och sedan \u00e4r hon s\u00e5 proffsig att hon bara samtidigt som hon talar med mig med vana h\u00e4nder trixar och fixar och sedan g\u00e5r jag d\u00e4rifr\u00e5n med en hund som i stort s\u00e4tt ler l\u00e4ttat, om nu hundar kan g\u00f6ra det.<\/p>\n<p><img loading=\"lazy\" decoding=\"async\" class=\"aligncenter size-full wp-image-2626\" src=\"https:\/\/wordsbychristine.com\/wp\/wp-content\/uploads\/2019\/02\/09-e1550020314935.jpg\" alt=\"\" width=\"600\" height=\"450\" \/><\/p>\n<p>Efter att g\u00e5tt hem med Neo bytte jag hund. Jag k\u00e4nde ett s\u00e5 starkt behov av \u00e5terh\u00e4mtning rent sj\u00e4lsligt och det \u00e4r bara i naturen jag m\u00e5r bra. Jag tog Doris och gick en promenad. Min man har k\u00f6pt ett par nya stora lurar till min Iphone som \u00e4r tr\u00e5dl\u00f6sa genom bl\u00e5tand och jag satte p\u00e5 Mindfulnessmusik p\u00e5 h\u00f6gsta volym samtidigt som jag connectade med Doris. S\u00e5 fort jag gick ut genom porten hade jag sl\u00e4ppt alla andra tankar \u00e4n nuet.<\/p>\n<p><img loading=\"lazy\" decoding=\"async\" class=\"aligncenter size-full wp-image-2628\" src=\"https:\/\/wordsbychristine.com\/wp\/wp-content\/uploads\/2019\/02\/11-e1550020363381.jpg\" alt=\"\" width=\"600\" height=\"450\" \/><\/p>\n<p>Det var s\u00e5 fantastiskt v\u00e4der. Hammarby Sj\u00f6stad \u00e4r en unik plats i Stockholm. Om ni har v\u00e4garna f\u00f6rbi, kom hit, f\u00f6r Sj\u00f6stan beh\u00f6ver upplevas! N\u00e4r solens str\u00e5lar belyser alla byggnader, vass, bryggor och man tar del av det rika f\u00e5gellivet och milj\u00f6n, d\u00e5 blir jag helt lugn. Jag \u00e4r glad och tacksam \u00f6ver att vi har ynnesten att bo h\u00e4r, n\u00e5got jag \u00e4r v\u00e4ldigt \u00f6dmjuk inf\u00f6r.<\/p>\n<div id='gallery-1' class='gallery galleryid-2617 gallery-columns-1 gallery-size-full'><figure class='gallery-item'>\n\t\t\t<div class='gallery-icon landscape'>\n\t\t\t\t<a href='https:\/\/wordsbychristine.com\/wp\/den-lakande-miljon-hammarby-sjostad\/06-44\/'><img loading=\"lazy\" decoding=\"async\" width=\"600\" height=\"450\" src=\"https:\/\/wordsbychristine.com\/wp\/wp-content\/uploads\/2019\/02\/06-2-e1550020494750.jpg\" class=\"attachment-full size-full\" alt=\"\" \/><\/a>\n\t\t\t<\/div><\/figure><figure class='gallery-item'>\n\t\t\t<div class='gallery-icon landscape'>\n\t\t\t\t<a href='https:\/\/wordsbychristine.com\/wp\/den-lakande-miljon-hammarby-sjostad\/02-59\/'><img loading=\"lazy\" decoding=\"async\" width=\"600\" height=\"450\" src=\"https:\/\/wordsbychristine.com\/wp\/wp-content\/uploads\/2019\/02\/02-3-e1550020425489.jpg\" class=\"attachment-full size-full\" alt=\"\" \/><\/a>\n\t\t\t<\/div><\/figure>\n\t\t<\/div>\n\n<p>Jag har en f\u00f6rm\u00e5ga att l\u00e5ta saker och ting f\u00f6rsvinna fr\u00e5n mitt medvetande, men nu n\u00e4r jag \u00e4r uppe i h\u00f6g stress generellt kommer jag inte ih\u00e5g saker och rutiner som annars sitter i ryggm\u00e4rgen p\u00e5 mig, det \u00e4r obehagligt och jag vill inte ha det s\u00e5. D\u00e4remot accepterar jag att det \u00e4r s\u00e5. Det bara \u00e4r s\u00e5.<\/p>\n<div id='gallery-2' class='gallery galleryid-2617 gallery-columns-1 gallery-size-full'><figure class='gallery-item'>\n\t\t\t<div class='gallery-icon landscape'>\n\t\t\t\t<a href='https:\/\/wordsbychristine.com\/wp\/den-lakande-miljon-hammarby-sjostad\/05-50\/'><img loading=\"lazy\" decoding=\"async\" width=\"600\" height=\"450\" src=\"https:\/\/wordsbychristine.com\/wp\/wp-content\/uploads\/2019\/02\/05-2-e1550020477334.jpg\" class=\"attachment-full size-full\" alt=\"\" \/><\/a>\n\t\t\t<\/div><\/figure><figure class='gallery-item'>\n\t\t\t<div class='gallery-icon landscape'>\n\t\t\t\t<a href='https:\/\/wordsbychristine.com\/wp\/den-lakande-miljon-hammarby-sjostad\/07-43\/'><img loading=\"lazy\" decoding=\"async\" width=\"600\" height=\"450\" src=\"https:\/\/wordsbychristine.com\/wp\/wp-content\/uploads\/2019\/02\/07-e1550020510800.jpg\" class=\"attachment-full size-full\" alt=\"\" \/><\/a>\n\t\t\t<\/div><\/figure>\n\t\t<\/div>\n\n<p>Under min och Doris utflykt inom Hammarby Sj\u00f6stad hann jag mata n\u00e5gra kajor i smyg utan att min hund s\u00e5g att jag kastade iv\u00e4g hennes pannbiffbitar och korvslantar i deras riktning och det \u00e4r en bedrift kan jag s\u00e4ga. Jag tr\u00e4nade lydnad i hundm\u00f6ten och just f\u00f6r att min hund m\u00e4rkte att jag hade fullt fokus p\u00e5 henne i just den stunden gick allt som en dans. Om jag \u00e4r irriterad eller tankspridd m\u00e4rks det p\u00e5 hundarna. D\u00e4rf\u00f6r f\u00f6rs\u00f6ker jag undvika att rasta hundarna om jag har fel k\u00e4nslol\u00e4ge. Det \u00e4r n\u00e5gonting jag ser som s\u00e5 sj\u00e4lvklart.<\/p>\n<p><img loading=\"lazy\" decoding=\"async\" class=\"aligncenter size-full wp-image-2625\" src=\"https:\/\/wordsbychristine.com\/wp\/wp-content\/uploads\/2019\/02\/08-e1550020527334.jpg\" alt=\"\" width=\"600\" height=\"450\" \/> <img loading=\"lazy\" decoding=\"async\" class=\"aligncenter size-full wp-image-2627\" src=\"https:\/\/wordsbychristine.com\/wp\/wp-content\/uploads\/2019\/02\/10-1-e1550020544664.jpg\" alt=\"\" width=\"600\" height=\"450\" \/><\/p>\n<p>Det \u00e4r bara senaste m\u00e5naden jag har blivit riktigt frustrerad och irriterad, en naturlig f\u00f6ljd av en f\u00f6r h\u00f6g arbetsb\u00f6rda och belastning. Min l\u00e4kare f\u00f6rklarade f\u00f6r mig att jag hade en naturlig stressreaktion till f\u00f6ljd av en extrem arbetsbelastning, jag var inte psykiskt sjuk. Det var f\u00f6rbaskat sk\u00f6nt att h\u00f6ra, f\u00f6r jag b\u00f6rjade ju undra sj\u00e4lv. \ud83d\ude09 Googla utbr\u00e4ndhet s\u00e5 har ni mig i ett n\u00f6tskal! Men jag t\u00e4nker inte stanna i det stadiet s\u00e5 l\u00e4nge till.<\/p>\n<p><img loading=\"lazy\" decoding=\"async\" class=\"aligncenter size-full wp-image-2635\" src=\"https:\/\/wordsbychristine.com\/wp\/wp-content\/uploads\/2019\/02\/18-e1550020649562.jpg\" alt=\"\" width=\"600\" height=\"450\" \/><\/p>\n<p>Jag och Doris s\u00f6kte upp lugnet och ron vid vassen, vi s\u00e5g svanfamiljerna segla fram genom vattnet och vi h\u00f6ll sp\u00e4nt \u00f6gonen \u00f6ppna efter b\u00e4vern vars huvud brukar guppa i vattnet, men det var ingen b\u00e4ver i sikte. Det var dock isflak som s\u00e5g ut som gnistande diamanter i den starka solen och trots all sn\u00f6 och is k\u00e4ndes det som v\u00e5r. V\u00e5ren i Hammarby Sj\u00f6stad \u00e4r underbar, likas\u00e5 sommaren. Jag vill egentligen helst vara p\u00e5 v\u00e5rt torp, min sj\u00e4l skriker om det, men det \u00e4r inte m\u00f6jligt just nu.<\/p>\n<p>Det magiska intr\u00e4ffade, att n\u00e4r jag under 35 minuter hade lyssnat p\u00e5 den h\u00e4r relax\/yoga\/mindfulnessmusiken som mest best\u00e5r av en massa klinkande, v\u00e5gskvalp och naturljud i kombination med &#8230; Hammarby Sj\u00f6stad med allt vad det inneb\u00e4r, blev jag helt lugn. Jag var s\u00e5 lugn att jag h\u00f6ll p\u00e5 att somna, efter att f\u00f6rs\u00f6kt ta en serie selfies med min hund. Jag sl\u00f6t \u00f6gonen en stund f\u00f6r jag blev s\u00e5 lugn att jag blev s\u00f6mnig, men sedan besinnade mig och t\u00e4nkte att ur ett hundm\u00f6tesperspektiv eller med aggressiva svanar var det inte g\u00f6rligt att somna med en reaktiv hund i kopplet. \ud83d\ude42<\/p>\n<p>Jag reste mig d\u00e4rf\u00f6r och gick hem, och jag beh\u00f6vde bara den timmen, f\u00f6r sedan var jag rustad f\u00f6r dagen. Alla har vi n\u00e5gonting som vi beh\u00f6ver f\u00f6r att m\u00e5 bra. Jag har bara naturen. Men se bildbomben ifr\u00e5n Sj\u00f6stan, och var glad f\u00f6r min skull. Jag \u00e4r m\u00e5h\u00e4nda tr\u00f6tt, stressad och irriterad, men om jag bara f\u00e5r vara sjukskriven och ej fungerande n\u00e5gra veckor till kommer allt att l\u00f6sa sig med tiden.<\/p>\n<p>Imorgon ska jag \u00e5ka till min urgulliga privatl\u00e4kare p\u00e5 \u00d6stermalm. Han jobbar heltid trots att han \u00e4r f\u00f6dd 1941. Jag blev tipsad om honom av en fantastisk kvinna som heter Maud. Jag och maken ska \u00e5ka dit f\u00f6r att f\u00e5 kolla p\u00e5 de blodprover vi tog f\u00f6r en tid sedan. Jag ska \u00e4ven be om en remiss till n\u00e5gon lungl\u00e4kare eftersom jag under de senaste 15 \u00e5ren st\u00e4ndigt har problem med luftv\u00e4garna. Min man m\u00e5ste ha en remiss f\u00f6r att f\u00e5 bort v\u00e4tska i sitt kn\u00e4. Vi beh\u00f6ver prioritera oss sj\u00e4lva. Min <a href=\"https:\/\/www.youtube.com\/watch?v=eD__BFkZyhE\">rara moster<\/a> (pensionerad s\u00e5ngerska och r\u00f6stpedagog) ringde mig idag och var bekymrad hur det var med mig. Hon \u00e4r en fin m\u00e4nniska. D\u00e5 hon bara bor p\u00e5 andra sidan vattnet p\u00e5 S\u00f6dermalm \u00e4r min tanke att jag ska ta mig till henne och bes\u00f6ka henne. Hon greppade l\u00e4get n\u00e4r jag kort f\u00f6rklarade.<\/p>\n<p>Min egen mor d\u00e4remot v\u00e4grade l\u00e4gga p\u00e5 n\u00e4r jag bad om att f\u00e5 handla klart i livsmedelsaff\u00e4ren n\u00e4r hon ringde och b\u00f6rjade sprudlande \u00e5terge saker och ting. Jag iddes inte motringa n\u00e4r jag v\u00e4l hade gjort mig av med henne samtidigt som jag hade intresserade \u00e5h\u00f6rare i butiken. *suck* Sedan hade jag i samma butik ett uppfriskande samtal med en av mina uppdragsgivare n\u00e4r det g\u00e4ller jobbet. G\u00e4sp. Nu m\u00e5ste jag ge mig Att skriva \u00e4r mitt arbete och min terapi. Oavsett vad jag skriver eller f\u00f6r vem jag skriver blir jag lugn av det. En del bloggl\u00e4sare k\u00e4nner mig privat. Andra m\u00e5ste undra vad jag \u00e4r f\u00f6r en filur. Och det bjuder jag p\u00e5! Kram p\u00e5 er d\u00e4rute!<\/p>\n<div id='gallery-3' class='gallery galleryid-2617 gallery-columns-1 gallery-size-full'><figure class='gallery-item'>\n\t\t\t<div class='gallery-icon landscape'>\n\t\t\t\t<a href='https:\/\/wordsbychristine.com\/wp\/den-lakande-miljon-hammarby-sjostad\/14-24\/'><img loading=\"lazy\" decoding=\"async\" width=\"600\" height=\"450\" src=\"https:\/\/wordsbychristine.com\/wp\/wp-content\/uploads\/2019\/02\/14-1-e1550020584801.jpg\" class=\"attachment-full size-full\" alt=\"\" aria-describedby=\"gallery-3-2631\" \/><\/a>\n\t\t\t<\/div>\n\t\t\t\t<figcaption class='wp-caption-text gallery-caption' id='gallery-3-2631'>\n\t\t\t\tselfie 1 sv\u00e5rt att f\u00e5 henne att titta in i kameran\n\t\t\t\t<\/figcaption><\/figure><figure class='gallery-item'>\n\t\t\t<div class='gallery-icon landscape'>\n\t\t\t\t<a href='https:\/\/wordsbychristine.com\/wp\/den-lakande-miljon-hammarby-sjostad\/15-19\/'><img loading=\"lazy\" decoding=\"async\" width=\"600\" height=\"450\" src=\"https:\/\/wordsbychristine.com\/wp\/wp-content\/uploads\/2019\/02\/15-e1550020601728.jpg\" class=\"attachment-full size-full\" alt=\"\" aria-describedby=\"gallery-3-2632\" \/><\/a>\n\t\t\t<\/div>\n\t\t\t\t<figcaption class='wp-caption-text gallery-caption' id='gallery-3-2632'>\n\t\t\t\tselfie 2 deprimerad hund\n\t\t\t\t<\/figcaption><\/figure><figure class='gallery-item'>\n\t\t\t<div class='gallery-icon landscape'>\n\t\t\t\t<a href='https:\/\/wordsbychristine.com\/wp\/den-lakande-miljon-hammarby-sjostad\/16-18\/'><img loading=\"lazy\" decoding=\"async\" width=\"600\" height=\"450\" src=\"https:\/\/wordsbychristine.com\/wp\/wp-content\/uploads\/2019\/02\/16-e1550020616782.jpg\" class=\"attachment-full size-full\" alt=\"\" aria-describedby=\"gallery-3-2633\" \/><\/a>\n\t\t\t<\/div>\n\t\t\t\t<figcaption class='wp-caption-text gallery-caption' id='gallery-3-2633'>\n\t\t\t\tselfie 3 kolla Grand danoish\u00e4nget\n\t\t\t\t<\/figcaption><\/figure><figure class='gallery-item'>\n\t\t\t<div class='gallery-icon landscape'>\n\t\t\t\t<a href='https:\/\/wordsbychristine.com\/wp\/den-lakande-miljon-hammarby-sjostad\/17-16\/'><img loading=\"lazy\" decoding=\"async\" width=\"600\" height=\"450\" src=\"https:\/\/wordsbychristine.com\/wp\/wp-content\/uploads\/2019\/02\/17-e1550020632824.jpg\" class=\"attachment-full size-full\" alt=\"\" aria-describedby=\"gallery-3-2634\" \/><\/a>\n\t\t\t<\/div>\n\t\t\t\t<figcaption class='wp-caption-text gallery-caption' id='gallery-3-2634'>\n\t\t\t\tselfie 4 (\u00e4sch liksom)\n\t\t\t\t<\/figcaption><\/figure>\n\t\t<\/div>\n\n","protected":false},"excerpt":{"rendered":"<p>Jag \u00e4r fruktansv\u00e4rt stressad. Har minnesluckor. Det som jag k\u00e4nner just nu har jag aldrig upplevt. Jag mister mitt n\u00e4rminne och jag som alltid lever i nuet har f\u00f6rlorat all f\u00f6rm\u00e5ga att g\u00f6ra det pga yttre stressfaktorer. Det jag vet \u00e4r att de faktorer som orsaker stressen beh\u00f6ver jag till viss del leva med. Jag har dock gjort som duktiga <a class=\"read-more\" href=\"https:\/\/wordsbychristine.com\/wp\/den-lakande-miljon-hammarby-sjostad\/\">L\u00c4S MER<\/a><\/p>\n","protected":false},"author":1,"featured_media":2630,"comment_status":"open","ping_status":"open","sticky":false,"template":"","format":"standard","meta":{"footnotes":""},"categories":[17,22,36],"tags":[],"class_list":["post-2617","post","type-post","status-publish","format-standard","has-post-thumbnail","hentry","category-hammarby-sjostad","category-hund-i-hammarby-sjostad","category-stresshantering","list-style-post"],"_links":{"self":[{"href":"https:\/\/wordsbychristine.com\/wp\/wp-json\/wp\/v2\/posts\/2617","targetHints":{"allow":["GET"]}}],"collection":[{"href":"https:\/\/wordsbychristine.com\/wp\/wp-json\/wp\/v2\/posts"}],"about":[{"href":"https:\/\/wordsbychristine.com\/wp\/wp-json\/wp\/v2\/types\/post"}],"author":[{"embeddable":true,"href":"https:\/\/wordsbychristine.com\/wp\/wp-json\/wp\/v2\/users\/1"}],"replies":[{"embeddable":true,"href":"https:\/\/wordsbychristine.com\/wp\/wp-json\/wp\/v2\/comments?post=2617"}],"version-history":[{"count":8,"href":"https:\/\/wordsbychristine.com\/wp\/wp-json\/wp\/v2\/posts\/2617\/revisions"}],"predecessor-version":[{"id":2645,"href":"https:\/\/wordsbychristine.com\/wp\/wp-json\/wp\/v2\/posts\/2617\/revisions\/2645"}],"wp:featuredmedia":[{"embeddable":true,"href":"https:\/\/wordsbychristine.com\/wp\/wp-json\/wp\/v2\/media\/2630"}],"wp:attachment":[{"href":"https:\/\/wordsbychristine.com\/wp\/wp-json\/wp\/v2\/media?parent=2617"}],"wp:term":[{"taxonomy":"category","embeddable":true,"href":"https:\/\/wordsbychristine.com\/wp\/wp-json\/wp\/v2\/categories?post=2617"},{"taxonomy":"post_tag","embeddable":true,"href":"https:\/\/wordsbychristine.com\/wp\/wp-json\/wp\/v2\/tags?post=2617"}],"curies":[{"name":"wp","href":"https:\/\/api.w.org\/{rel}","templated":true}]}}