{"id":1487,"date":"2018-08-30T23:59:28","date_gmt":"2018-08-30T23:59:28","guid":{"rendered":"https:\/\/wordsbychristine.com\/wp\/?p=1487"},"modified":"2018-08-31T00:04:15","modified_gmt":"2018-08-31T00:04:15","slug":"45-ar-vad-tiden-gar","status":"publish","type":"post","link":"https:\/\/wordsbychristine.com\/wp\/45-ar-vad-tiden-gar\/","title":{"rendered":"45 \u00e5r &#8211; vad tiden g\u00e5r!"},"content":{"rendered":"<p>Det kom ett fotovykort i brevl\u00e5dan fr\u00e5n min far. En barndomsbild p\u00e5 mig och syster. Detta med texten &#8221;Vad tiden g\u00e5r &#8230;&#8221; Och jag t\u00e4nker nog detsamma. \u00c4r jag halvv\u00e4gs genom livet nu f\u00e5r jag vara glad att jag klarat mig s\u00e5 h\u00e4r l\u00e5ngt utan st\u00f6rre miss\u00f6den! \ud83d\ude09 Den 29onde augusti var det min 45\u00e5rsdag. Om situationen i vardagen hade varit lite annorlunda hade vi haft en viss planering inf\u00f6r det. Jag hade f\u00f6rmodligen bjudit hem goda v\u00e4nner p\u00e5 middag.<\/p>\n<p>Nu blev det en dag som alla andra. Jag vaknade och hade under f\u00f6rmiddagen h\u00f6rt min mobil ringa oavbrutet ifr\u00e5n arbetsrummet utan att orka g\u00e5 upp f\u00f6r att svara. Jag gick upp n\u00e4r jag behagade utan m\u00e5sten och den f\u00f6rsta r\u00f6sten jag h\u00f6rde i mitt \u00f6ra var min mor som sj\u00f6ng &#8221;Ja m\u00e5 hon leva&#8230;&#8221; och det var med en viss tagg jag t\u00e4nkte att jag inte visste hur m\u00e5nga \u00e5r till jag skulle h\u00f6ra henne sjunga p\u00e5 min f\u00f6delsedag. Tanken g\u00f6r ont.<\/p>\n<p>N\u00e4r jag bodde hemma var det tradition att mamma kom in till s\u00e4ngen p\u00e5 morgonen med en bricka med en blomma p\u00e5, ett fint textat kort och en sk\u00e5l med l\u00f6sgodis d\u00e4r en stor geleorm var utlagd p\u00e5 toppen. Festen var att \u00e4ta godis till frukost och se mammas fina kort som alltid var underfundiga. Det bor en liten t\u00f6s i mig som alltid skulle vilja ha det s\u00e5.<\/p>\n<div id='gallery-1' class='gallery galleryid-1487 gallery-columns-2 gallery-size-full'><figure class='gallery-item'>\n\t\t\t<div class='gallery-icon landscape'>\n\t\t\t\t<a href='https:\/\/wordsbychristine.com\/wp\/45-ar-vad-tiden-gar\/02-19\/'><img loading=\"lazy\" decoding=\"async\" width=\"600\" height=\"450\" src=\"https:\/\/wordsbychristine.com\/wp\/wp-content\/uploads\/2018\/08\/02-3.jpg\" class=\"attachment-full size-full\" alt=\"\" srcset=\"https:\/\/wordsbychristine.com\/wp\/wp-content\/uploads\/2018\/08\/02-3.jpg 600w, https:\/\/wordsbychristine.com\/wp\/wp-content\/uploads\/2018\/08\/02-3-300x225.jpg 300w\" sizes=\"auto, (max-width: 600px) 100vw, 600px\" \/><\/a>\n\t\t\t<\/div><\/figure><figure class='gallery-item'>\n\t\t\t<div class='gallery-icon landscape'>\n\t\t\t\t<a href='https:\/\/wordsbychristine.com\/wp\/45-ar-vad-tiden-gar\/07-14\/'><img loading=\"lazy\" decoding=\"async\" width=\"600\" height=\"450\" src=\"https:\/\/wordsbychristine.com\/wp\/wp-content\/uploads\/2018\/08\/07-2.jpg\" class=\"attachment-full size-full\" alt=\"\" srcset=\"https:\/\/wordsbychristine.com\/wp\/wp-content\/uploads\/2018\/08\/07-2.jpg 600w, https:\/\/wordsbychristine.com\/wp\/wp-content\/uploads\/2018\/08\/07-2-300x225.jpg 300w\" sizes=\"auto, (max-width: 600px) 100vw, 600px\" \/><\/a>\n\t\t\t<\/div><\/figure><figure class='gallery-item'>\n\t\t\t<div class='gallery-icon landscape'>\n\t\t\t\t<a href='https:\/\/wordsbychristine.com\/wp\/45-ar-vad-tiden-gar\/03-20\/'><img loading=\"lazy\" decoding=\"async\" width=\"600\" height=\"450\" src=\"https:\/\/wordsbychristine.com\/wp\/wp-content\/uploads\/2018\/08\/03-3.jpg\" class=\"attachment-full size-full\" alt=\"\" srcset=\"https:\/\/wordsbychristine.com\/wp\/wp-content\/uploads\/2018\/08\/03-3.jpg 600w, https:\/\/wordsbychristine.com\/wp\/wp-content\/uploads\/2018\/08\/03-3-300x225.jpg 300w\" sizes=\"auto, (max-width: 600px) 100vw, 600px\" \/><\/a>\n\t\t\t<\/div><\/figure><figure class='gallery-item'>\n\t\t\t<div class='gallery-icon landscape'>\n\t\t\t\t<a href='https:\/\/wordsbychristine.com\/wp\/45-ar-vad-tiden-gar\/09-11\/'><img loading=\"lazy\" decoding=\"async\" width=\"600\" height=\"450\" src=\"https:\/\/wordsbychristine.com\/wp\/wp-content\/uploads\/2018\/08\/09-1.jpg\" class=\"attachment-full size-full\" alt=\"\" srcset=\"https:\/\/wordsbychristine.com\/wp\/wp-content\/uploads\/2018\/08\/09-1.jpg 600w, https:\/\/wordsbychristine.com\/wp\/wp-content\/uploads\/2018\/08\/09-1-300x225.jpg 300w\" sizes=\"auto, (max-width: 600px) 100vw, 600px\" \/><\/a>\n\t\t\t<\/div><\/figure>\n\t\t<\/div>\n\n<p>Jag hade best\u00e4mt mig dagen innan f\u00f6r att starta min f\u00f6delsedag med en vandring i Nackareservatet, och tanken kvarstod n\u00e4r jag \u00e4tit en banan till frukost.<\/p>\n<div id='gallery-2' class='gallery galleryid-1487 gallery-columns-2 gallery-size-full'><figure class='gallery-item'>\n\t\t\t<div class='gallery-icon landscape'>\n\t\t\t\t<a href='https:\/\/wordsbychristine.com\/wp\/45-ar-vad-tiden-gar\/01-21\/'><img loading=\"lazy\" decoding=\"async\" width=\"600\" height=\"450\" src=\"https:\/\/wordsbychristine.com\/wp\/wp-content\/uploads\/2018\/08\/01-3.jpg\" class=\"attachment-full size-full\" alt=\"\" srcset=\"https:\/\/wordsbychristine.com\/wp\/wp-content\/uploads\/2018\/08\/01-3.jpg 600w, https:\/\/wordsbychristine.com\/wp\/wp-content\/uploads\/2018\/08\/01-3-300x225.jpg 300w\" sizes=\"auto, (max-width: 600px) 100vw, 600px\" \/><\/a>\n\t\t\t<\/div><\/figure><figure class='gallery-item'>\n\t\t\t<div class='gallery-icon landscape'>\n\t\t\t\t<a href='https:\/\/wordsbychristine.com\/wp\/45-ar-vad-tiden-gar\/04-19\/'><img loading=\"lazy\" decoding=\"async\" width=\"600\" height=\"450\" src=\"https:\/\/wordsbychristine.com\/wp\/wp-content\/uploads\/2018\/08\/04-2.jpg\" class=\"attachment-full size-full\" alt=\"\" srcset=\"https:\/\/wordsbychristine.com\/wp\/wp-content\/uploads\/2018\/08\/04-2.jpg 600w, https:\/\/wordsbychristine.com\/wp\/wp-content\/uploads\/2018\/08\/04-2-300x225.jpg 300w\" sizes=\"auto, (max-width: 600px) 100vw, 600px\" \/><\/a>\n\t\t\t<\/div><\/figure><figure class='gallery-item'>\n\t\t\t<div class='gallery-icon landscape'>\n\t\t\t\t<a href='https:\/\/wordsbychristine.com\/wp\/45-ar-vad-tiden-gar\/10-22\/'><img loading=\"lazy\" decoding=\"async\" width=\"600\" height=\"450\" src=\"https:\/\/wordsbychristine.com\/wp\/wp-content\/uploads\/2018\/08\/10-1.jpg\" class=\"attachment-full size-full\" alt=\"\" srcset=\"https:\/\/wordsbychristine.com\/wp\/wp-content\/uploads\/2018\/08\/10-1.jpg 600w, https:\/\/wordsbychristine.com\/wp\/wp-content\/uploads\/2018\/08\/10-1-300x225.jpg 300w\" sizes=\"auto, (max-width: 600px) 100vw, 600px\" \/><\/a>\n\t\t\t<\/div><\/figure><figure class='gallery-item'>\n\t\t\t<div class='gallery-icon landscape'>\n\t\t\t\t<a href='https:\/\/wordsbychristine.com\/wp\/45-ar-vad-tiden-gar\/05-16\/'><img loading=\"lazy\" decoding=\"async\" width=\"600\" height=\"450\" src=\"https:\/\/wordsbychristine.com\/wp\/wp-content\/uploads\/2018\/08\/05-2.jpg\" class=\"attachment-full size-full\" alt=\"\" srcset=\"https:\/\/wordsbychristine.com\/wp\/wp-content\/uploads\/2018\/08\/05-2.jpg 600w, https:\/\/wordsbychristine.com\/wp\/wp-content\/uploads\/2018\/08\/05-2-300x225.jpg 300w\" sizes=\"auto, (max-width: 600px) 100vw, 600px\" \/><\/a>\n\t\t\t<\/div><\/figure>\n\t\t<\/div>\n\n<p><img loading=\"lazy\" decoding=\"async\" class=\"alignleft size-medium wp-image-1488\" src=\"https:\/\/wordsbychristine.com\/wp\/wp-content\/uploads\/2018\/08\/14-169x300.jpg\" alt=\"\" width=\"169\" height=\"300\" srcset=\"https:\/\/wordsbychristine.com\/wp\/wp-content\/uploads\/2018\/08\/14-169x300.jpg 169w, https:\/\/wordsbychristine.com\/wp\/wp-content\/uploads\/2018\/08\/14.jpg 338w\" sizes=\"auto, (max-width: 169px) 100vw, 169px\" \/>Jag och Doris begav oss ut p\u00e5 en rask promenad och under tiden skulle min man ha handlat \u00e5t oss, och \u00e5t mamma som gjort en best\u00e4llning p\u00e5 hemlagad potatismos och sm\u00f6rg\u00e5sskinka. Hon har f\u00e5tt magkatarr av all stress och kunde inte \u00e4ta boendets mat. Min man kom dock p\u00e5 avv\u00e4gar d\u00e5 han stannat p\u00e5 en restaurang hans v\u00e4n \u00f6ppnade f\u00f6r n\u00e5got \u00e5r sedan i Nacka. Antonio \u00e4r den mest genuina italienare jag har tr\u00e4ffat p\u00e5 m\u00e5nga \u00e5r. N\u00e4r jag b\u00f6rjade att avrunda min vandring kom min man och h\u00e4mtade mig med bilen s\u00e5 \u00e5terv\u00e4nde vi till restaurangen d\u00e4r <a href=\"https:\/\/mitti.se\/nyheter\/sickla-italienska-pizzor\/\" target=\"_blank\" rel=\"noopener\">innehavaren med fru<\/a> bj\u00f6d oss p\u00e5 helt fantastiska pizzor med salt por\u00f6st br\u00f6d. Kanske lite kontraproduktivt att avsluta mitt friluftsliv med en pizza, men jag \u00e5t faktiskt bara upp halva! Doris fick g\u00f6ra oss f\u00f6lje och l\u00e5g nedanf\u00f6r bordet. N\u00e4r vi \u00e4tit klart fick hon smaka n\u00e5gra kanter br\u00f6d.<\/p>\n<p>N\u00e4r jag vandrade i naturreservatet ins\u00e5g jag att de stora ekarna i skogen hade b\u00f6rjat att sl\u00e4ppa sina ekollon p\u00e5 marken. Jag best\u00e4mde mig f\u00f6r att \u00e5terv\u00e4nda dit en annan dag, med en stor plastp\u00e5se s\u00e5 ska jag plocka dem och l\u00e4mna till ekorrarna p\u00e5 landet. Vi har som plan att \u00e5ka till landet den 10 september och stanna d\u00e4r i n\u00e5gra dagar. Vi f\u00e5r se om det blir av. Det sm\u00e4rtar lite att alla mina kantarellst\u00e4llen p\u00e5 landet f\u00f6rg\u00e5s. Jag har ju s\u00e5 ofantligt m\u00e5nga svampst\u00e4llen dit ingen annan g\u00e5r s\u00e5 det bara \u00e4r att sk\u00f6rda. Vet inte hur det \u00e4r i skogen nu i h\u00f6st med tanke p\u00e5 sommarens torka, men \u00e4r s\u00e5 nyfiken. Det v\u00e4xer ju till och med kantareller p\u00e5 v\u00e5r tomt kring huset. Mitt m\u00e5l \u00e4r att iallafall f\u00e5 med mig n\u00e5gon hink hem till Stockholm om jag inte \u00e4r f\u00f6r sent ute. F\u00e5r se!<\/p>\n<p><img loading=\"lazy\" decoding=\"async\" class=\"alignright size-medium wp-image-1489\" src=\"https:\/\/wordsbychristine.com\/wp\/wp-content\/uploads\/2018\/08\/13-300x225.jpg\" alt=\"\" width=\"300\" height=\"225\" srcset=\"https:\/\/wordsbychristine.com\/wp\/wp-content\/uploads\/2018\/08\/13-300x225.jpg 300w, https:\/\/wordsbychristine.com\/wp\/wp-content\/uploads\/2018\/08\/13.jpg 600w\" sizes=\"auto, (max-width: 300px) 100vw, 300px\" \/>Vi stannade hos mamma i flera timmar och pratade gamla minnen. Hon var tr\u00f6tt n\u00e4r vi l\u00e4mnade henne. Utanf\u00f6r huset st\u00f6tte vi ihop med v\u00e5r granne May som fr\u00e5gade n\u00e4r jag kunde klippa hennes vovvars klor och trots att jag var tr\u00f6tt erbj\u00f6d jag mig att g\u00f6ra det p\u00e5 direkten. S\u00e5 sn\u00e4lla hundar. Den yngsta fann sig leal\u00f6st tillr\u00e4tta i min famn och jag kunde klippa utan st\u00f6rre besv\u00e4r. Den \u00e4ldsta g\u00f6mde sig under s\u00e4ngen men matten fick fram hunden och hon fick en korvbit f\u00f6r varje klo. Jag kom i s\u00e4ng alltf\u00f6r sent.<\/p>\n<p><strong>OoO&#8230;. \u00c4nnu en l\u00e5ng dag var till\u00e4nda&#8230;.. OoO<\/strong><\/p>\n","protected":false},"excerpt":{"rendered":"<p>Det kom ett fotovykort i brevl\u00e5dan fr\u00e5n min far. En barndomsbild p\u00e5 mig och syster. Detta med texten &#8221;Vad tiden g\u00e5r &#8230;&#8221; Och jag t\u00e4nker nog detsamma. \u00c4r jag halvv\u00e4gs genom livet nu f\u00e5r jag vara glad att jag klarat mig s\u00e5 h\u00e4r l\u00e5ngt utan st\u00f6rre miss\u00f6den! \ud83d\ude09 Den 29onde augusti var det min 45\u00e5rsdag. Om situationen i vardagen hade <a class=\"read-more\" href=\"https:\/\/wordsbychristine.com\/wp\/45-ar-vad-tiden-gar\/\">L\u00c4S MER<\/a><\/p>\n","protected":false},"author":1,"featured_media":1502,"comment_status":"open","ping_status":"open","sticky":false,"template":"","format":"standard","meta":{"footnotes":""},"categories":[5,29],"tags":[],"class_list":["post-1487","post","type-post","status-publish","format-standard","has-post-thumbnail","hentry","category-min-mamma","category-vandra-med-hund","list-style-post"],"_links":{"self":[{"href":"https:\/\/wordsbychristine.com\/wp\/wp-json\/wp\/v2\/posts\/1487","targetHints":{"allow":["GET"]}}],"collection":[{"href":"https:\/\/wordsbychristine.com\/wp\/wp-json\/wp\/v2\/posts"}],"about":[{"href":"https:\/\/wordsbychristine.com\/wp\/wp-json\/wp\/v2\/types\/post"}],"author":[{"embeddable":true,"href":"https:\/\/wordsbychristine.com\/wp\/wp-json\/wp\/v2\/users\/1"}],"replies":[{"embeddable":true,"href":"https:\/\/wordsbychristine.com\/wp\/wp-json\/wp\/v2\/comments?post=1487"}],"version-history":[{"count":5,"href":"https:\/\/wordsbychristine.com\/wp\/wp-json\/wp\/v2\/posts\/1487\/revisions"}],"predecessor-version":[{"id":1507,"href":"https:\/\/wordsbychristine.com\/wp\/wp-json\/wp\/v2\/posts\/1487\/revisions\/1507"}],"wp:featuredmedia":[{"embeddable":true,"href":"https:\/\/wordsbychristine.com\/wp\/wp-json\/wp\/v2\/media\/1502"}],"wp:attachment":[{"href":"https:\/\/wordsbychristine.com\/wp\/wp-json\/wp\/v2\/media?parent=1487"}],"wp:term":[{"taxonomy":"category","embeddable":true,"href":"https:\/\/wordsbychristine.com\/wp\/wp-json\/wp\/v2\/categories?post=1487"},{"taxonomy":"post_tag","embeddable":true,"href":"https:\/\/wordsbychristine.com\/wp\/wp-json\/wp\/v2\/tags?post=1487"}],"curies":[{"name":"wp","href":"https:\/\/api.w.org\/{rel}","templated":true}]}}