{"id":1246,"date":"2018-04-27T22:34:28","date_gmt":"2018-04-27T22:34:28","guid":{"rendered":"https:\/\/wordsbychristine.com\/wp\/?p=1246"},"modified":"2018-04-27T22:45:30","modified_gmt":"2018-04-27T22:45:30","slug":"ridning-och-fin-vaninna","status":"publish","type":"post","link":"https:\/\/wordsbychristine.com\/wp\/ridning-och-fin-vaninna\/","title":{"rendered":"Ridning och fin v\u00e4ninna"},"content":{"rendered":"<p>&nbsp;<\/p>\n<p>I onsdags m\u00f6tte jag upp min v\u00e4ninna Ren\u00e9e inne p\u00e5 \u00d6stermalm f\u00f6r vi hade varsitt bes\u00f6k hos min privatl\u00e4kare. Jag hade tagit en hel del blodprover som jag skulle f\u00e5 veta resultatet p\u00e5. Alla sk\u00f6ldk\u00f6rtelprover s\u00e5g helt perfekta ut och jag k\u00e4nner mig perfekt inst\u00e4lld n\u00e4r jag h\u00f6jde det naturliga sk\u00f6ldk\u00f6rtelhormonet med 1 grain sedan f\u00f6rra blodproverna. Dock s\u00e5 var mitt s-kortisol helt katastrofalt. 2015 l\u00e5g det p\u00e5 700 vilket till och med \u00e4r f\u00f6r h\u00f6gt, men d\u00e5 var jag r\u00e4tt s\u00e5 stressad och jag var fortfarande inte frisk d\u00e5. Men nu l\u00e5g det p\u00e5 under 15 och det \u00e4r inte alls bra. Min l\u00e4kare fr\u00e5gade ju om jag var tr\u00f6tt, men det tycker jag inte att jag \u00e4r. Men n\u00e4r jag \u00e5kte hem och t\u00e4nkte efter s\u00e5 \u00e4r jag ju tr\u00f6tt, men jag kompenserar det med energidrycker. S\u00e5 fort jag sitter och jobbar och k\u00e4nner den minsta tr\u00f6tthet tar jag en klunk av en energidryck. Jag beh\u00f6ver koffeinet. Har ju aldrig druckit kaffe i hela mitt liv. Men jag har ju aldrig haft behov av energidrycker tidigare?<\/p>\n<p>Visserligen jobbar jag mer \u00e4n jag borde vilket \u00e4r sant, men s\u00e5 har det varit under m\u00e5nga \u00e5r. Jag tog d\u00e4rf\u00f6r om proverna imorse, s\u00e5 f\u00e5r jag \u00e5ka tillbaka dit om n\u00e5gon vecka och se om det var labbet som hade gjort fel. Tidigare hade jag utmattade binjurar, sa en annan privatl\u00e4kare 2015 och d\u00e5 fick jag \u00e4ta Adrenal Cortex f\u00f6r att st\u00f6tta binjurarna, men jag tror att jag slutade med det f\u00f6r n\u00e5got \u00e5r sedan. Det \u00e4r m\u00f6jligt att min kropp beh\u00f6ver det fortfarande. Jag m\u00e5r bra, men jag \u00e4r inte van vid att vara tr\u00f6tt, s\u00e5 naturligtvis kollar jag upp allt som ska kollas och har en sn\u00e4ll l\u00e4kare som kommer remittera vidare till Sophiahemmet om n\u00e5got \u00e4r oklart.<\/p>\n<p><img loading=\"lazy\" decoding=\"async\" class=\"aligncenter size-full wp-image-1257\" src=\"https:\/\/wordsbychristine.com\/wp\/wp-content\/uploads\/2018\/04\/01-4.jpg\" alt=\"\" width=\"600\" height=\"800\" srcset=\"https:\/\/wordsbychristine.com\/wp\/wp-content\/uploads\/2018\/04\/01-4.jpg 600w, https:\/\/wordsbychristine.com\/wp\/wp-content\/uploads\/2018\/04\/01-4-225x300.jpg 225w\" sizes=\"auto, (max-width: 600px) 100vw, 600px\" \/><\/p>\n<p>Jag saknar v\u00e5ra ridturer! F\u00f6r n\u00e5gra \u00e5r sedan kunde jag och Ren\u00e9e rida ut i naturreservatet vid Tyres\u00f6. D\u00e4r fanns ett privatstall d\u00e4r man kunde hyra h\u00e4star per timme och rida ut sj\u00e4lva i skogen. <a href=\"https:\/\/www.tyresoradion.se\/1612\" target=\"_blank\" rel=\"noopener\">Kommunen valde tragiskt nog att tvinga hyresg\u00e4sten att flytta<\/a> och tjejen som drev Rundemars g\u00e5rd var tvungen att s\u00e4lja alla sina h\u00e4star och flytta. Sedan dess har vi inte haft n\u00e5gonstans att rida och jag saknar det. Mycket. Vi m\u00e5ste hitta nya h\u00e4star i Stockholmstrakten. Att bli medryttare g\u00e5r inte, har ju inte tid f\u00f6r ett s\u00e5 stort engagemang.<\/p>\n<p>Ren\u00e9e har ocks\u00e5 f\u00e5tt problem med sk\u00f6ldk\u00f6rteln och m\u00e5r f\u00f6rf\u00e4rligt p\u00e5 levaxin som hon \u00e4tit under 3 \u00e5r, lika illa som jag m\u00e5dde n\u00e4r jag \u00e5t levaxin. Hon som alltid varit extremt smal har ocks\u00e5 g\u00e5tt upp i vikt extremt mycket sedan hon b\u00f6rjade med levaxin. Denna f\u00f6rbaskade skitmedicin som f\u00e5r s\u00e5 m\u00e5nga att m\u00e5 d\u00e5ligt, \u00e4r s\u00e5 less p\u00e5 att ens t\u00e4nka p\u00e5 den.<\/p>\n<div id='gallery-1' class='gallery galleryid-1246 gallery-columns-1 gallery-size-full'><figure class='gallery-item'>\n\t\t\t<div class='gallery-icon landscape'>\n\t\t\t\t<a href='https:\/\/wordsbychristine.com\/wp\/ridning-och-fin-vaninna\/12-8\/'><img loading=\"lazy\" decoding=\"async\" width=\"600\" height=\"450\" src=\"https:\/\/wordsbychristine.com\/wp\/wp-content\/uploads\/2018\/04\/12.jpg\" class=\"attachment-full size-full\" alt=\"\" srcset=\"https:\/\/wordsbychristine.com\/wp\/wp-content\/uploads\/2018\/04\/12.jpg 600w, https:\/\/wordsbychristine.com\/wp\/wp-content\/uploads\/2018\/04\/12-300x225.jpg 300w\" sizes=\"auto, (max-width: 600px) 100vw, 600px\" \/><\/a>\n\t\t\t<\/div><\/figure><figure class='gallery-item'>\n\t\t\t<div class='gallery-icon landscape'>\n\t\t\t\t<a href='https:\/\/wordsbychristine.com\/wp\/ridning-och-fin-vaninna\/10-19\/'><img loading=\"lazy\" decoding=\"async\" width=\"600\" height=\"450\" src=\"https:\/\/wordsbychristine.com\/wp\/wp-content\/uploads\/2018\/04\/10-2.jpg\" class=\"attachment-full size-full\" alt=\"\" srcset=\"https:\/\/wordsbychristine.com\/wp\/wp-content\/uploads\/2018\/04\/10-2.jpg 600w, https:\/\/wordsbychristine.com\/wp\/wp-content\/uploads\/2018\/04\/10-2-300x225.jpg 300w\" sizes=\"auto, (max-width: 600px) 100vw, 600px\" \/><\/a>\n\t\t\t<\/div><\/figure><figure class='gallery-item'>\n\t\t\t<div class='gallery-icon landscape'>\n\t\t\t\t<a href='https:\/\/wordsbychristine.com\/wp\/ridning-och-fin-vaninna\/11-12\/'><img loading=\"lazy\" decoding=\"async\" width=\"600\" height=\"450\" src=\"https:\/\/wordsbychristine.com\/wp\/wp-content\/uploads\/2018\/04\/11.jpg\" class=\"attachment-full size-full\" alt=\"\" srcset=\"https:\/\/wordsbychristine.com\/wp\/wp-content\/uploads\/2018\/04\/11.jpg 600w, https:\/\/wordsbychristine.com\/wp\/wp-content\/uploads\/2018\/04\/11-300x225.jpg 300w\" sizes=\"auto, (max-width: 600px) 100vw, 600px\" \/><\/a>\n\t\t\t<\/div><\/figure>\n\t\t<\/div>\n\n<p>N\u00e4r vi hade fikat tog jag f\u00e4rjan Emelie hem ifr\u00e5n Nybroviken. Jag var lite stressad inf\u00f6r det faktum att jag inte hade den nya koden till mitt Visakort som jag beh\u00f6vde betala resan med, men v\u00e4l p\u00e5 plats ins\u00e5g jag att det inte kr\u00e4vdes kod. Jag stod ute i f\u00f6ren i solskenet och nj\u00f6t av den fina b\u00e5tturen som g\u00e5r via Djurg\u00e5rden v\u00e4ldigt snabbt hem till Hammarby Sj\u00f6stad. Majoritet av de som bor h\u00e4r tycker att f\u00e4rjan borde ing\u00e5 i SLkortet. Jag tycker inte det. F\u00f6r nu n\u00e4r den kostar pengar, vilket \u00e4r ett mindre belopp, \u00a0\u00e4r det ingen tr\u00e4ngsel och man kan \u00e4ven f\u00e5 med sig cykeln gratis. De \u00e4r enormt trevlig personal som arbetar p\u00e5 f\u00e4rjan med.<\/p>\n<p>Aprop\u00e5 cykel s\u00e5 har jag provat cykeln jag k\u00f6pte men inte mer \u00e4n s\u00e5. Det har ju blivit s\u00e4mre v\u00e4der efter den dag jag fick hem cykeln, och vem vill cykla i regn? Jag har iallafall k\u00f6pt en hj\u00e4lm och \u00e4r f\u00f6rberedd med vadderade cykelbyxor den dag jag har n\u00e5gra timmar lediga och det \u00e4r sol. Jag \u00e4r inte alls fr\u00e4mmande f\u00f6r att ta f\u00e4rjan direkt till Djurg\u00e5rden, cykla d\u00e4r, och sedan ta f\u00e4rjan hem igen. Det \u00e4r en underbar milj\u00f6 som vi bor i, och det ger mig s\u00e5 m\u00e5nga olika m\u00f6jligheter, vilket g\u00f6r att jag verkligen trivs h\u00e4r s\u00e5 bra.<\/p>\n<p>Nu hoppas jag att de nya blodproverna ser b\u00e4ttre ut. Jag har inte tid att bli tr\u00f6tt. Jag ska jobba mycket under hela maj, och d\u00e5 \u00e4r det en f\u00f6rdel att vara vaken \ud83d\ude09<\/p>\n","protected":false},"excerpt":{"rendered":"<p>&nbsp; I onsdags m\u00f6tte jag upp min v\u00e4ninna Ren\u00e9e inne p\u00e5 \u00d6stermalm f\u00f6r vi hade varsitt bes\u00f6k hos min privatl\u00e4kare. Jag hade tagit en hel del blodprover som jag skulle f\u00e5 veta resultatet p\u00e5. Alla sk\u00f6ldk\u00f6rtelprover s\u00e5g helt perfekta ut och jag k\u00e4nner mig perfekt inst\u00e4lld n\u00e4r jag h\u00f6jde det naturliga sk\u00f6ldk\u00f6rtelhormonet med 1 grain sedan f\u00f6rra blodproverna. Dock s\u00e5 <a class=\"read-more\" href=\"https:\/\/wordsbychristine.com\/wp\/ridning-och-fin-vaninna\/\">L\u00c4S MER<\/a><\/p>\n","protected":false},"author":1,"featured_media":1252,"comment_status":"open","ping_status":"open","sticky":false,"template":"","format":"standard","meta":{"footnotes":""},"categories":[10],"tags":[],"class_list":["post-1246","post","type-post","status-publish","format-standard","has-post-thumbnail","hentry","category-blodprover","list-style-post"],"_links":{"self":[{"href":"https:\/\/wordsbychristine.com\/wp\/wp-json\/wp\/v2\/posts\/1246","targetHints":{"allow":["GET"]}}],"collection":[{"href":"https:\/\/wordsbychristine.com\/wp\/wp-json\/wp\/v2\/posts"}],"about":[{"href":"https:\/\/wordsbychristine.com\/wp\/wp-json\/wp\/v2\/types\/post"}],"author":[{"embeddable":true,"href":"https:\/\/wordsbychristine.com\/wp\/wp-json\/wp\/v2\/users\/1"}],"replies":[{"embeddable":true,"href":"https:\/\/wordsbychristine.com\/wp\/wp-json\/wp\/v2\/comments?post=1246"}],"version-history":[{"count":7,"href":"https:\/\/wordsbychristine.com\/wp\/wp-json\/wp\/v2\/posts\/1246\/revisions"}],"predecessor-version":[{"id":1265,"href":"https:\/\/wordsbychristine.com\/wp\/wp-json\/wp\/v2\/posts\/1246\/revisions\/1265"}],"wp:featuredmedia":[{"embeddable":true,"href":"https:\/\/wordsbychristine.com\/wp\/wp-json\/wp\/v2\/media\/1252"}],"wp:attachment":[{"href":"https:\/\/wordsbychristine.com\/wp\/wp-json\/wp\/v2\/media?parent=1246"}],"wp:term":[{"taxonomy":"category","embeddable":true,"href":"https:\/\/wordsbychristine.com\/wp\/wp-json\/wp\/v2\/categories?post=1246"},{"taxonomy":"post_tag","embeddable":true,"href":"https:\/\/wordsbychristine.com\/wp\/wp-json\/wp\/v2\/tags?post=1246"}],"curies":[{"name":"wp","href":"https:\/\/api.w.org\/{rel}","templated":true}]}}